{"id":8319,"date":"2021-01-11T19:28:09","date_gmt":"2021-01-12T02:28:09","guid":{"rendered":"http:\/\/www.biblioteca-antologica.org\/es\/?p=8319"},"modified":"2021-01-11T19:28:09","modified_gmt":"2021-01-12T02:28:09","slug":"valle-inclan-ramon-del-la-cabeza-del-bautista","status":"publish","type":"post","link":"https:\/\/www.biblioteca-antologica.org\/es\/valle-inclan-ramon-del-la-cabeza-del-bautista\/","title":{"rendered":"Valle-Incl\u00e1n, Ram\u00f3n del: La cabeza del Bautista"},"content":{"rendered":"<p>Autor: Valle-Incl\u00e1n, Ram\u00f3n del<br \/>\nT\u00edtulo: La cabeza del Bautista<\/p>\n<p>Sinopsis:<\/p>\n<a href=\"https:\/\/www.biblioteca-antologica.org\/es\/wp-content\/uploads\/2021\/01\/VALLE-INCLAN-La-cabeza-del-Bautista.pdf\" class=\"pdfemb-viewer\" style=\"\" data-width=\"max\" data-height=\"max\" data-toolbar=\"bottom\" data-toolbar-fixed=\"off\">VALLE INCLAN La cabeza del Bautista<\/a>\n<p>Para descargar pinche:<br \/>\n<a href=\"http:\/\/www.biblioteca-antologica.org\/es\/wp-content\/uploads\/2021\/01\/\/VALLE-INCLAN-La-cabeza-del-Bautista.pdf\">La cabeza del Bautista<\/a><\/p>\n","protected":false},"excerpt":{"rendered":"<p>Autor: Valle-Incl\u00e1n, Ram\u00f3n del T\u00edtulo: La cabeza del Bautista Sinopsis: Para descargar pinche: La cabeza del Bautista<\/p>\n","protected":false},"author":1,"featured_media":0,"comment_status":"closed","ping_status":"closed","sticky":false,"template":"","format":"standard","meta":{"footnotes":""},"categories":[32,19],"tags":[],"class_list":["post-8319","post","type-post","status-publish","format-standard","hentry","category-espana-modernismo","category-modernismo"],"_links":{"self":[{"href":"https:\/\/www.biblioteca-antologica.org\/es\/wp-json\/wp\/v2\/posts\/8319","targetHints":{"allow":["GET"]}}],"collection":[{"href":"https:\/\/www.biblioteca-antologica.org\/es\/wp-json\/wp\/v2\/posts"}],"about":[{"href":"https:\/\/www.biblioteca-antologica.org\/es\/wp-json\/wp\/v2\/types\/post"}],"author":[{"embeddable":true,"href":"https:\/\/www.biblioteca-antologica.org\/es\/wp-json\/wp\/v2\/users\/1"}],"replies":[{"embeddable":true,"href":"https:\/\/www.biblioteca-antologica.org\/es\/wp-json\/wp\/v2\/comments?post=8319"}],"version-history":[{"count":1,"href":"https:\/\/www.biblioteca-antologica.org\/es\/wp-json\/wp\/v2\/posts\/8319\/revisions"}],"predecessor-version":[{"id":8321,"href":"https:\/\/www.biblioteca-antologica.org\/es\/wp-json\/wp\/v2\/posts\/8319\/revisions\/8321"}],"wp:attachment":[{"href":"https:\/\/www.biblioteca-antologica.org\/es\/wp-json\/wp\/v2\/media?parent=8319"}],"wp:term":[{"taxonomy":"category","embeddable":true,"href":"https:\/\/www.biblioteca-antologica.org\/es\/wp-json\/wp\/v2\/categories?post=8319"},{"taxonomy":"post_tag","embeddable":true,"href":"https:\/\/www.biblioteca-antologica.org\/es\/wp-json\/wp\/v2\/tags?post=8319"}],"curies":[{"name":"wp","href":"https:\/\/api.w.org\/{rel}","templated":true}]}}