{"id":386,"date":"2017-07-10T13:06:53","date_gmt":"2017-07-10T20:06:53","guid":{"rendered":"http:\/\/www.biblioteca-antologica.org\/es\/?p=386"},"modified":"2021-02-14T10:17:51","modified_gmt":"2021-02-14T17:17:51","slug":"juan-del-encina-egloga-representada-en-la-noche-postrera-de-carnal","status":"publish","type":"post","link":"https:\/\/www.biblioteca-antologica.org\/es\/juan-del-encina-egloga-representada-en-la-noche-postrera-de-carnal\/","title":{"rendered":"Encina, Juan del: \u00c9gloga representada en la noche postrera de carnal"},"content":{"rendered":"<p>Autor: Juan del Encina<br \/>\nT\u00edtulo: \u00c9gloga representada en la noche postrera de carnal<\/p>\n<p>Sinopsis:<\/p>\n<a href=\"https:\/\/www.biblioteca-antologica.org\/es\/wp-content\/uploads\/2017\/07\/ENCINA-\u00c9GLOGA-REPRESENTADA-EN-LA-NOCHE-POSTRERA-DE-CARNAL.pdf\" class=\"pdfemb-viewer\" style=\"\" data-width=\"max\" data-height=\"max\" data-toolbar=\"bottom\" data-toolbar-fixed=\"off\">__ENCINA \u00c9GLOGA REPRESENTADA EN LA NOCHE POSTRERA DE CARNAL<\/a>\n<p>Para descargar pinche:<br \/>\n<a href=\"http:\/\/www.biblioteca-antologica.org\/es\/wp-content\/uploads\/2017\/07\/ENCINA-\u00c9GLOGA-REPRESENTADA-EN-LA-NOCHE-POSTRERA-DE-CARNAL.pdf\">__ENCINA \u00c9GLOGA REPRESENTADA EN LA NOCHE POSTRERA DE CARNAL<\/a><\/p>\n","protected":false},"excerpt":{"rendered":"<p>Autor: Juan del Encina T\u00edtulo: \u00c9gloga representada en la noche postrera de carnal Sinopsis: Para descargar pinche: __ENCINA \u00c9GLOGA REPRESENTADA EN LA NOCHE POSTRERA DE CARNAL<\/p>\n","protected":false},"author":1,"featured_media":0,"comment_status":"closed","ping_status":"closed","sticky":false,"template":"","format":"standard","meta":{"footnotes":""},"categories":[17,18],"tags":[],"class_list":["post-386","post","type-post","status-publish","format-standard","hentry","category-edad-media","category-espana-edad-media"],"_links":{"self":[{"href":"https:\/\/www.biblioteca-antologica.org\/es\/wp-json\/wp\/v2\/posts\/386","targetHints":{"allow":["GET"]}}],"collection":[{"href":"https:\/\/www.biblioteca-antologica.org\/es\/wp-json\/wp\/v2\/posts"}],"about":[{"href":"https:\/\/www.biblioteca-antologica.org\/es\/wp-json\/wp\/v2\/types\/post"}],"author":[{"embeddable":true,"href":"https:\/\/www.biblioteca-antologica.org\/es\/wp-json\/wp\/v2\/users\/1"}],"replies":[{"embeddable":true,"href":"https:\/\/www.biblioteca-antologica.org\/es\/wp-json\/wp\/v2\/comments?post=386"}],"version-history":[{"count":3,"href":"https:\/\/www.biblioteca-antologica.org\/es\/wp-json\/wp\/v2\/posts\/386\/revisions"}],"predecessor-version":[{"id":10385,"href":"https:\/\/www.biblioteca-antologica.org\/es\/wp-json\/wp\/v2\/posts\/386\/revisions\/10385"}],"wp:attachment":[{"href":"https:\/\/www.biblioteca-antologica.org\/es\/wp-json\/wp\/v2\/media?parent=386"}],"wp:term":[{"taxonomy":"category","embeddable":true,"href":"https:\/\/www.biblioteca-antologica.org\/es\/wp-json\/wp\/v2\/categories?post=386"},{"taxonomy":"post_tag","embeddable":true,"href":"https:\/\/www.biblioteca-antologica.org\/es\/wp-json\/wp\/v2\/tags?post=386"}],"curies":[{"name":"wp","href":"https:\/\/api.w.org\/{rel}","templated":true}]}}