{"id":154,"date":"2017-05-15T11:15:48","date_gmt":"2017-05-15T18:15:48","guid":{"rendered":"http:\/\/www.biblioteca-antologica.org\/es\/?p=154"},"modified":"2021-02-14T11:15:54","modified_gmt":"2021-02-14T18:15:54","slug":"fernan-caballero-cecilia-bohl-de-faber-la-gaviota","status":"publish","type":"post","link":"https:\/\/www.biblioteca-antologica.org\/es\/fernan-caballero-cecilia-bohl-de-faber-la-gaviota\/","title":{"rendered":"Caballero, Fern\u00e1n (Cecilia B\u00f6hl de Faber): La Gaviota"},"content":{"rendered":"<p>Autor: Fern\u00e1n Caballero (Cecilia B\u00f6hl de Faber)<br \/>\nT\u00edtulo: La Gaviota<\/p>\n<p>Sinopsis: Novela que marca el inicio del Realismo en Espa\u00f1a. En ella se incluyen, imbrincadas en la trama, la descripci\u00f3n del paisaje y ciertas costumbres sociedad, principalmente del sur de Espa\u00f1a.<\/p>\n<a href=\"https:\/\/www.biblioteca-antologica.org\/es\/wp-content\/uploads\/2020\/09\/CABALLERO-La-gaviota-.pdf\" class=\"pdfemb-viewer\" style=\"\" data-width=\"max\" data-height=\"max\" data-toolbar=\"bottom\" data-toolbar-fixed=\"off\">CABALLERO La gaviota<\/a>\n<p><a href=\"http:\/\/www.biblioteca-antologica.org\/es\/wp-content\/uploads\/2017\/05\/CABALLERO_La-gaviota.pdf\">CABALLERO_La gaviota<\/a><\/p>\n","protected":false},"excerpt":{"rendered":"<p>Autor: Fern\u00e1n Caballero (Cecilia B\u00f6hl de Faber) T\u00edtulo: La Gaviota Sinopsis: Novela que marca el inicio del Realismo en Espa\u00f1a. En ella se incluyen, imbrincadas en la trama, la descripci\u00f3n del paisaje y ciertas costumbres sociedad, principalmente del sur de Espa\u00f1a. CABALLERO_La gaviota<\/p>\n","protected":false},"author":1,"featured_media":0,"comment_status":"closed","ping_status":"closed","sticky":false,"template":"","format":"standard","meta":{"footnotes":""},"categories":[34,33],"tags":[],"class_list":["post-154","post","type-post","status-publish","format-standard","hentry","category-espana-realismo","category-realismo"],"_links":{"self":[{"href":"https:\/\/www.biblioteca-antologica.org\/es\/wp-json\/wp\/v2\/posts\/154","targetHints":{"allow":["GET"]}}],"collection":[{"href":"https:\/\/www.biblioteca-antologica.org\/es\/wp-json\/wp\/v2\/posts"}],"about":[{"href":"https:\/\/www.biblioteca-antologica.org\/es\/wp-json\/wp\/v2\/types\/post"}],"author":[{"embeddable":true,"href":"https:\/\/www.biblioteca-antologica.org\/es\/wp-json\/wp\/v2\/users\/1"}],"replies":[{"embeddable":true,"href":"https:\/\/www.biblioteca-antologica.org\/es\/wp-json\/wp\/v2\/comments?post=154"}],"version-history":[{"count":5,"href":"https:\/\/www.biblioteca-antologica.org\/es\/wp-json\/wp\/v2\/posts\/154\/revisions"}],"predecessor-version":[{"id":8141,"href":"https:\/\/www.biblioteca-antologica.org\/es\/wp-json\/wp\/v2\/posts\/154\/revisions\/8141"}],"wp:attachment":[{"href":"https:\/\/www.biblioteca-antologica.org\/es\/wp-json\/wp\/v2\/media?parent=154"}],"wp:term":[{"taxonomy":"category","embeddable":true,"href":"https:\/\/www.biblioteca-antologica.org\/es\/wp-json\/wp\/v2\/categories?post=154"},{"taxonomy":"post_tag","embeddable":true,"href":"https:\/\/www.biblioteca-antologica.org\/es\/wp-json\/wp\/v2\/tags?post=154"}],"curies":[{"name":"wp","href":"https:\/\/api.w.org\/{rel}","templated":true}]}}