{"id":131,"date":"2017-05-08T20:07:01","date_gmt":"2017-05-09T03:07:01","guid":{"rendered":"http:\/\/www.biblioteca-antologica.org\/es\/?p=131"},"modified":"2021-01-08T15:44:15","modified_gmt":"2021-01-08T22:44:15","slug":"alvar-nunez-cabeza-de-vaca-comentarios","status":"publish","type":"post","link":"https:\/\/www.biblioteca-antologica.org\/es\/alvar-nunez-cabeza-de-vaca-comentarios\/","title":{"rendered":"N\u00fa\u00f1ez Cabeza de Vaca, \u00c1lvar: Comentarios"},"content":{"rendered":"<p>Autor: N\u00fa\u00f1ez Cabeza de Vaca, \u00c1lvar<br \/>\nT\u00edtulo: Comentarios<\/p>\n<p>Sinopsis: Cr\u00f3nicas de \u00c1lvar N\u00fa\u00f1ez de Vaca, posteriores a sus Naufragios, por tierras Sudamericanas. En \u00e9stas relata lo acaecido en Argentina y en Paraguay<\/p>\n<a href=\"https:\/\/www.biblioteca-antologica.org\/es\/wp-content\/uploads\/2017\/10\/CABEZA-DE-VACA-Comentarios.pdf\" class=\"pdfemb-viewer\" style=\"\" data-width=\"max\" data-height=\"max\" data-toolbar=\"bottom\" data-toolbar-fixed=\"off\">__CABEZA DE VACA Comentarios<\/a>\n<p><a href=\"http:\/\/www.biblioteca-antologica.org\/es\/wp-content\/uploads\/2017\/05\/CABEZA-DE-VACA-Comentarios-1.pdf\">__CABEZA DE VACA Comentarios<\/a><\/p>\n","protected":false},"excerpt":{"rendered":"<p>Autor: N\u00fa\u00f1ez Cabeza de Vaca, \u00c1lvar T\u00edtulo: Comentarios Sinopsis: Cr\u00f3nicas de \u00c1lvar N\u00fa\u00f1ez de Vaca, posteriores a sus Naufragios, por tierras Sudamericanas. En \u00e9stas relata lo acaecido en Argentina y en Paraguay __CABEZA DE VACA Comentarios<\/p>\n","protected":false},"author":1,"featured_media":0,"comment_status":"closed","ping_status":"closed","sticky":false,"template":"","format":"standard","meta":{"footnotes":""},"categories":[1,31],"tags":[],"class_list":["post-131","post","type-post","status-publish","format-standard","hentry","category-renacimiento","category-hispanoamerica-renacimiento"],"_links":{"self":[{"href":"https:\/\/www.biblioteca-antologica.org\/es\/wp-json\/wp\/v2\/posts\/131","targetHints":{"allow":["GET"]}}],"collection":[{"href":"https:\/\/www.biblioteca-antologica.org\/es\/wp-json\/wp\/v2\/posts"}],"about":[{"href":"https:\/\/www.biblioteca-antologica.org\/es\/wp-json\/wp\/v2\/types\/post"}],"author":[{"embeddable":true,"href":"https:\/\/www.biblioteca-antologica.org\/es\/wp-json\/wp\/v2\/users\/1"}],"replies":[{"embeddable":true,"href":"https:\/\/www.biblioteca-antologica.org\/es\/wp-json\/wp\/v2\/comments?post=131"}],"version-history":[{"count":7,"href":"https:\/\/www.biblioteca-antologica.org\/es\/wp-json\/wp\/v2\/posts\/131\/revisions"}],"predecessor-version":[{"id":8144,"href":"https:\/\/www.biblioteca-antologica.org\/es\/wp-json\/wp\/v2\/posts\/131\/revisions\/8144"}],"wp:attachment":[{"href":"https:\/\/www.biblioteca-antologica.org\/es\/wp-json\/wp\/v2\/media?parent=131"}],"wp:term":[{"taxonomy":"category","embeddable":true,"href":"https:\/\/www.biblioteca-antologica.org\/es\/wp-json\/wp\/v2\/categories?post=131"},{"taxonomy":"post_tag","embeddable":true,"href":"https:\/\/www.biblioteca-antologica.org\/es\/wp-json\/wp\/v2\/tags?post=131"}],"curies":[{"name":"wp","href":"https:\/\/api.w.org\/{rel}","templated":true}]}}