{"id":10774,"date":"2022-11-08T16:49:18","date_gmt":"2022-11-08T23:49:18","guid":{"rendered":"https:\/\/www.biblioteca-antologica.org\/es\/?p=10774"},"modified":"2022-12-03T17:06:04","modified_gmt":"2022-12-04T00:06:04","slug":"llano-manuel-retablo-infantil","status":"publish","type":"post","link":"https:\/\/www.biblioteca-antologica.org\/es\/llano-manuel-retablo-infantil\/","title":{"rendered":"Llano, Manuel: Retablo infantil"},"content":{"rendered":"\n<p id=\"block-354d1811-a619-4900-8aca-60fc2ab8a600\">Autor:&nbsp;Llano, Manuel<br>T\u00edtulo: Retablo infantil<\/p>\n\n\n\n<p id=\"block-382df45e-e348-4153-a570-0768d97ee941\">Estudio preliminar:<\/p>\n\n\n\n<p>Manuel Llano (1898-1938) nace en Sope\u00f1a, un pueblo en el occidente de Cantabria (Espa\u00f1a). Pasa su ni\u00f1ez en un ambiente rural y pastoriego, hasta que le ponen \u201cuna blusa nueva\u201d y le llevan, muy a su pesar, a vivir a Santander. Este acontecimiento marcar\u00e1 su vida y su creaci\u00f3n literaria; Llano llega incluso a afirmar que \u201c[L]a ciudad nos abre la herida y el campo nos la cierra\u201d (<em>Bra\u00f1aflor<\/em>, 1931, en Llano, <em>Obras completas<\/em>, t. I, 1998, p. 287). En Santander, el autor autodidacta poco a poco se abre paso en los c\u00edrculos culturales, de modo especial a trav\u00e9s de sus colaboraciones en varios peri\u00f3dicos y como ponente sobre temas folcl\u00f3ricos con materiales recogidos de la tradici\u00f3n oral de los pueblos, de manera preferente en la zona de Cabu\u00e9rniga. De sus art\u00edculos de prensa saldr\u00e1 gran parte de su obra literaria: en una primera etapa, que corresponde a los a\u00f1os 20, gira en torno a temas costumbristas y folcl\u00f3ricos; despu\u00e9s, hasta su muerte prematura, se recrea el mundo rural, el pueblo y sus personajes. Una honda inquietud social y una narrativa sincera dan forma a una original prosa po\u00e9tica que pronto encontr\u00f3 sus admiradores.<\/p>\n\n\n\n<p>El escritor es contempor\u00e1neo de los autores de la prol\u00edfica Edad de Plata sin pertenecer \u2013 oficialmente \u2013 a ninguna de sus diferentes generaciones literarias. Llano tuvo contacto con los principales representantes de dichos movimientos, algunos de los cuales se\u00f1alaron el gran valor de su obra.&nbsp; Gerardo Diego llega incluso a calificarle de \u00abgran prosista y gran poeta en prosa\u00bb en el ep\u00edlogo a la \u00faltima obra de Llano, <em>Dolor de tierra verde<\/em> (en Llano, <em>Obras completas<\/em>, t. III, 1998, p. 244). Y, sin embargo, todo ello no propici\u00f3 su inclusi\u00f3n en canon literario alguno. No obstante, en mi opini\u00f3n puede considerarse a Llano como el exponente de un nuevo regionalismo literario que rompe con el \u201cmagisterio\u201d de Jos\u00e9 Mar\u00eda de Pereda<a href=\"#_ftn1\">[1]<\/a>:<\/p>\n\n\n\n<p><em>Por primera vez, un autor c\u00e1ntabro no s\u00f3lo escribe sobre el campo, sino que tambi\u00e9n se implica con \u00e9l de manera vivencial. Capta el esp\u00edritu de los campesinos y profundiza en su pobre vida material sin burlarse de ellos. Es m\u00e1s, la aldea representa una preocupaci\u00f3n constante para \u00e9l, porque la considera como una de las parcelas m\u00e1s importantes de la sociedad. Su entra\u00f1able compenetraci\u00f3n con ella ofrece una perspectiva que se distingue de las dem\u00e1s que hasta entonces hab\u00edan existido en el regionalismo c\u00e1ntabro. Con Llano se descubre el mundo rural del occidente de Cantabria como materia perfectamente poetizable y novelable.<\/em> (Heinsch, 1999, p. 250)<\/p>\n\n\n\n<p>En <em>Retablo infantil<\/em>, el autor presenta recuerdos de infancia de su ambiente rural, de principios del siglo XX, cuya impronta llevar\u00e1 durante toda su vida. De manera impresionista, y con sus propias palabras, su contenido se resume en los siguientes motivos: la naturaleza, fest\u00edn de sentidos que pacifica el \u00e1nimo y borra discordia; el pueblo con sus casas, habitantes, labores y cansancios, y los objetos t\u00edpicos del lugar; personajes del pueblo, aquellos con los que el ni\u00f1o ten\u00eda contacto: don Fernando; don Juan Manuel; t\u00eda Esperanza; el se\u00f1or maestro; el \u201cRaposo\u201d; Sal\u00edn, el ciego; la madrina; Malvina, la loca; t\u00edo \u00c1ngel, el sabio\u2026, todos ellos presentados desde la psicolog\u00eda del ni\u00f1o monta\u00f1\u00e9s que no comprende el drama social de su entorno. Sin embargo, el mensaje, redactado en primera persona y apoyado en un lenguaje sencillo y po\u00e9tico a la vez, llega perfectamente al lector adulto impactando en sus emociones.<\/p>\n\n\n\n<p><em>Retablo infantil<\/em> se public\u00f3 por primera vez en 1935, en vida del autor, con un pr\u00f3logo de Miguel de Unamuno. Se nutre en parte de material literario procedente del bagaje cultural-costumbrista de la primera etapa del escritor que abarca la d\u00e9cada de 1920 y termina con la publicaci\u00f3n de <em>Bra\u00f1aflor<\/em> (1931). En esta obra ya queda patente el cambio en la creaci\u00f3n literaria de Llano: recrea el ambiente de su infancia con mayor distancia emocional, mayor reflexi\u00f3n y una marcada preocupaci\u00f3n social, y con una prosa po\u00e9tica cada vez m\u00e1s depurada, a menudo impresionista evocando sensaciones visuales, auditivas y olfativas.<\/p>\n\n\n\n<p>Destaca en Llano, aparte de su amor por la naturaleza y su sentido \u00e9tico, la inclinaci\u00f3n hacia todo lo humilde, su preferencia por los personajes m\u00e1s generosos a la vez que pobres, como se ve en el retrato de don Fernando y don Juan Manuel en el cap\u00edtulo \u201cDos semblantes\u201d de la obra que aqu\u00ed se presenta:<\/p>\n\n\n\n<p><em>La casa de don Fernando ten\u00eda la solana pintada de azul, las paredes blancas, los balcones limpios, la chimenea amarilla. Y sin embargo, a m\u00ed me parec\u00eda hosca y fea, porque siempre que la contemplaba ve\u00eda en ella el semblante de su due\u00f1o, siempre con un gesto de disgusto, de enojo, de desprecio\u2026 Cerca estaba la casa de don Juan Manuel, renegrida, enclenque, con el corredor torcido y los cristales polvorientos y rotos. Eran unas paredes feas que a m\u00ed me parec\u00edan muy guapas, porque tambi\u00e9n ve\u00eda en ellas el semblante de su due\u00f1o, siempre con un gesto cari\u00f1oso, caritativo, complaciente para con el ni\u00f1o, el pobre, el viejo\u2026<\/em> (<em>Obras Completas<\/em>, t. 1, 1998, p. 151).<\/p>\n\n\n\n<p><em>Retablo infantil<\/em> despert\u00f3 un inter\u00e9s especial ya desde su primera edici\u00f3n y perdurar\u00e1 d\u00e9cadas despu\u00e9s. La obra se reedit\u00f3 de forma p\u00f3stuma en varias ocasiones: en 1968 aparece integrada en el primer tomo de las <em>Obras Completas <\/em>del autor publicadas por la Fundaci\u00f3n Marcelino Bot\u00edn; el Ayuntamiento de Santander la reeditar\u00e1 en 1982 con un estudio preliminar de Celia Valbuena; diez a\u00f1os m\u00e1s tarde, se integra en la primera edici\u00f3n nacional a cargo de la editorial Anaya (<em>Retablo infantil y otras estampas)<\/em>, con un ap\u00e9ndice tambi\u00e9n de Celia Valbuena; y en 1998 formar\u00e1 parte del primer tomo de las <em>Obras Completas <\/em>publicadas por Alianza Editorial.<\/p>\n\n\n\n<p>El texto de <em>Retablo infantil<\/em> que se ofrece ahora desde la Biblioteca Antol\u00f3gica es una reproducci\u00f3n fiel del original de 1935. Para esta edici\u00f3n digital se han corregido incluso algunos errores que aparec\u00edan en algunas de las citadas ediciones p\u00f3stumas, en la actualidad agotadas en la mayor\u00eda de los casos.<\/p>\n\n\n\n<p><strong>Bibliograf\u00eda<\/strong><\/p>\n\n\n\n<p>Obras de MANUEL LLANO<\/p>\n\n\n\n<p><em>&#8211; Obras Completas, <\/em>t. I y II<em>, <\/em>Santander: Fundaci\u00f3n Marcelino Bot\u00edn-Sanz de Sautuo\u00adla, 1968.<\/p>\n\n\n\n<p><em>&#8211; Obras Completas<\/em>, t. I, II y III, Madrid: Alianza Editorial, 1998.<\/p>\n\n\n\n<p>&#8211; <em>Retablo infantil<\/em>, Santander: Talleres Tipogr\u00e1ficos, 1935<em>.<\/em><\/p>\n\n\n\n<p><em>&#8211; Retablo infantil<\/em>, Santander: Ayuntamiento de Santander, 1982.<\/p>\n\n\n\n<p>&#8211; <em>Retablo infantil y otras estampas<\/em>, Madrid: Anaya, 1992.<\/p>\n\n\n\n<p>Estudios cr\u00edticos<\/p>\n\n\n\n<p>&#8211; HEINSCH, B\u00e1rbara, <em>La realidad regional a trav\u00e9s de un c\u00f3digo de valores: La obra literaria de Manuel Llano<\/em>. Santander: Fundaci\u00f3n Marcelino Bot\u00edn y Gobierno de Cantabria. Consejer\u00eda de Cultura y Deporte, 1999.<\/p>\n\n\n\n<p>-L\u00c1ZARO SERRANO, Jes\u00fas, <em>Historia y antolog\u00eda de escritores de Cantabria<\/em>. Santander: Delegaci\u00f3n de Cultura del Ayuntamiento de Santander y Ediciones de la Librer\u00eda Estvdio. Colecci\u00f3n Pronillo, 1985.<\/p>\n\n\n\n<p>&#8211; VALBUENA MOR\u00c1N, Celia, \u00abIntroducci\u00f3n\u00bb y \u00abVocabulario de regionalismos utilizados en la obra\u00bb, en: LLANO, Manuel, <em>Retablo infantil<\/em>, Santander: Ayuntamiento de Santan\u00adder, 1982, pp. 6-32.<\/p>\n\n\n\n<p>&#8211; VALBUENA MOR\u00c1N, Celia, \u00abVocabulario\u00bb, \u00abAp\u00e9ndice\u00bb y \u00abBibliograf\u00eda\u00bb, en: LLANO, Manuel, <em>Retablo in\u00adfantil<\/em>, Madrid: Anaya, 1992, pp. 169-208.<\/p>\n\n\n\n<p><\/p>\n\n\n\n<hr class=\"wp-block-separator\"\/>\n\n\n\n<p><a href=\"#_ftnref1\">[1]<\/a> Jos\u00e9 Mar\u00eda de Pereda (1833-1906), escritor c\u00e1ntabro tambi\u00e9n, defensor de la tradici\u00f3n carlista y padre de la literatura regional monta\u00f1esa, que destac\u00f3 por sus novelas de corte costumbrista-realista en las que describe escenas monta\u00f1esas, tipos y paisajes, desde una ideolog\u00eda conservadora y a menudo con humor e iron\u00eda. Seg\u00fan L\u00e1zaro Serrano, \u201cPereda se aproxim\u00f3 a su entorno, especialmente al campesinado con los ojos y o\u00eddos atentos, pero reinterpret\u00f3 la realidad que lat\u00eda all\u00ed. O, mejor dicho, capt\u00f3 s\u00f3lo aquello que se acoplaba a sus ideas, a sus creencias [\u2026] acomod\u00f3 a sus ensue\u00f1os las realidades del momento, lo que constituy\u00f3 la esencia y la fuerza de su creaci\u00f3n, aunque tambi\u00e9n su limitaci\u00f3n\u201d (1985, p. 108).<\/p>\n\n\n\n<p id=\"block-0bbc199c-ff79-4f77-85b8-db873a9b8ab8\">Fuente:&nbsp;<em>B\u00e1rbara Heinsch<\/em><\/p>\n\n\n<a href=\"https:\/\/www.biblioteca-antologica.org\/es\/wp-content\/uploads\/2022\/12\/RETABLO-INFANTIL-FINAL.pdf\" class=\"pdfemb-viewer\" style=\"\" data-width=\"max\" data-height=\"max\" data-toolbar=\"bottom\" data-toolbar-fixed=\"off\">RETABLO-INFANTIL-FINAL<\/a>\n\n\n\n<p id=\"block-252ca7f2-2b34-4d11-b546-78cefb78791b\">Para descargar pulse:<\/p>\n\n\n\n<p id=\"block-c7ea3d43-ac6c-4829-bf4d-ca0ca4119c52\"><a rel=\"noreferrer noopener\" href=\"http:\/\/www.biblioteca-antologica.org\/es\/wp-content\/uploads\/2022\/12\/RETABLO-INFANTIL-FINAL.pdf\" data-type=\"URL\" target=\"_blank\">Retablo infantil<\/a><\/p>\n","protected":false},"excerpt":{"rendered":"<p>Autor:&nbsp;Llano, ManuelT\u00edtulo: Retablo infantil Estudio preliminar: Manuel Llano (1898-1938) nace en Sope\u00f1a, un pueblo en el occidente de Cantabria (Espa\u00f1a). Pasa su ni\u00f1ez en un ambiente rural y pastoriego, hasta que le ponen \u201cuna blusa nueva\u201d y le llevan, muy a su pesar, a vivir a Santander. Este acontecimiento marcar\u00e1 su vida y su creaci\u00f3n &hellip; <a href=\"https:\/\/www.biblioteca-antologica.org\/es\/llano-manuel-retablo-infantil\/\" class=\"more-link\">Sigue leyendo <span class=\"screen-reader-text\">Llano, Manuel: Retablo infantil<\/span><\/a><\/p>\n","protected":false},"author":1,"featured_media":0,"comment_status":"closed","ping_status":"closed","sticky":false,"template":"","format":"standard","meta":{"footnotes":""},"categories":[29,28],"tags":[],"class_list":["post-10774","post","type-post","status-publish","format-standard","hentry","category-espana-vanguardias","category-vanguardias"],"_links":{"self":[{"href":"https:\/\/www.biblioteca-antologica.org\/es\/wp-json\/wp\/v2\/posts\/10774","targetHints":{"allow":["GET"]}}],"collection":[{"href":"https:\/\/www.biblioteca-antologica.org\/es\/wp-json\/wp\/v2\/posts"}],"about":[{"href":"https:\/\/www.biblioteca-antologica.org\/es\/wp-json\/wp\/v2\/types\/post"}],"author":[{"embeddable":true,"href":"https:\/\/www.biblioteca-antologica.org\/es\/wp-json\/wp\/v2\/users\/1"}],"replies":[{"embeddable":true,"href":"https:\/\/www.biblioteca-antologica.org\/es\/wp-json\/wp\/v2\/comments?post=10774"}],"version-history":[{"count":15,"href":"https:\/\/www.biblioteca-antologica.org\/es\/wp-json\/wp\/v2\/posts\/10774\/revisions"}],"predecessor-version":[{"id":10825,"href":"https:\/\/www.biblioteca-antologica.org\/es\/wp-json\/wp\/v2\/posts\/10774\/revisions\/10825"}],"wp:attachment":[{"href":"https:\/\/www.biblioteca-antologica.org\/es\/wp-json\/wp\/v2\/media?parent=10774"}],"wp:term":[{"taxonomy":"category","embeddable":true,"href":"https:\/\/www.biblioteca-antologica.org\/es\/wp-json\/wp\/v2\/categories?post=10774"},{"taxonomy":"post_tag","embeddable":true,"href":"https:\/\/www.biblioteca-antologica.org\/es\/wp-json\/wp\/v2\/tags?post=10774"}],"curies":[{"name":"wp","href":"https:\/\/api.w.org\/{rel}","templated":true}]}}