{"id":10652,"date":"2021-07-06T22:16:06","date_gmt":"2021-07-07T05:16:06","guid":{"rendered":"http:\/\/www.biblioteca-antologica.org\/es\/?p=10652"},"modified":"2021-07-06T22:16:06","modified_gmt":"2021-07-07T05:16:06","slug":"silva-gomez-jose-asuncion-la-protesta-de-la-musa","status":"publish","type":"post","link":"https:\/\/www.biblioteca-antologica.org\/es\/silva-gomez-jose-asuncion-la-protesta-de-la-musa\/","title":{"rendered":"Silva G\u00f3mez, Jos\u00e9 Asunci\u00f3n: La protesta de la musa"},"content":{"rendered":"<p>Autor: Silva G\u00f3mez, Jos\u00e9 Asunci\u00f3n<br \/>\nT\u00edtulo: La protesta de la musa<\/p>\n<p>Sinopsis:<\/p>\n<a href=\"https:\/\/www.biblioteca-antologica.org\/es\/wp-content\/uploads\/2021\/07\/SILVA-La-protesta-de-la-musa.pdf\" class=\"pdfemb-viewer\" style=\"\" data-width=\"max\" data-height=\"max\" data-toolbar=\"bottom\" data-toolbar-fixed=\"off\">SILVA La protesta de la musa<\/a>\n<p>Para descargar pulse:<br \/>\n<a href=\"http:\/\/www.biblioteca-antologica.org\/es\/wp-content\/uploads\/2021\/07\/SILVA-La-protesta-de-la-musa.pdf\" target=\"_blank\">La protesta de la musa. Jos\u00e9 Silva<\/a><\/p>\n","protected":false},"excerpt":{"rendered":"<p>Autor: Silva G\u00f3mez, Jos\u00e9 Asunci\u00f3n T\u00edtulo: La protesta de la musa Sinopsis: Para descargar pulse: La protesta de la musa. Jos\u00e9 Silva<\/p>\n","protected":false},"author":1,"featured_media":0,"comment_status":"closed","ping_status":"closed","sticky":false,"template":"","format":"standard","meta":{"footnotes":""},"categories":[20,19],"tags":[],"class_list":["post-10652","post","type-post","status-publish","format-standard","hentry","category-hispanoamerica","category-modernismo"],"_links":{"self":[{"href":"https:\/\/www.biblioteca-antologica.org\/es\/wp-json\/wp\/v2\/posts\/10652","targetHints":{"allow":["GET"]}}],"collection":[{"href":"https:\/\/www.biblioteca-antologica.org\/es\/wp-json\/wp\/v2\/posts"}],"about":[{"href":"https:\/\/www.biblioteca-antologica.org\/es\/wp-json\/wp\/v2\/types\/post"}],"author":[{"embeddable":true,"href":"https:\/\/www.biblioteca-antologica.org\/es\/wp-json\/wp\/v2\/users\/1"}],"replies":[{"embeddable":true,"href":"https:\/\/www.biblioteca-antologica.org\/es\/wp-json\/wp\/v2\/comments?post=10652"}],"version-history":[{"count":1,"href":"https:\/\/www.biblioteca-antologica.org\/es\/wp-json\/wp\/v2\/posts\/10652\/revisions"}],"predecessor-version":[{"id":10654,"href":"https:\/\/www.biblioteca-antologica.org\/es\/wp-json\/wp\/v2\/posts\/10652\/revisions\/10654"}],"wp:attachment":[{"href":"https:\/\/www.biblioteca-antologica.org\/es\/wp-json\/wp\/v2\/media?parent=10652"}],"wp:term":[{"taxonomy":"category","embeddable":true,"href":"https:\/\/www.biblioteca-antologica.org\/es\/wp-json\/wp\/v2\/categories?post=10652"},{"taxonomy":"post_tag","embeddable":true,"href":"https:\/\/www.biblioteca-antologica.org\/es\/wp-json\/wp\/v2\/tags?post=10652"}],"curies":[{"name":"wp","href":"https:\/\/api.w.org\/{rel}","templated":true}]}}